{"id":9147,"date":"2021-04-20T13:48:37","date_gmt":"2021-04-20T13:48:37","guid":{"rendered":"https:\/\/www.cineturismofvg.com\/commissario-laurenti\/"},"modified":"2021-04-29T07:42:17","modified_gmt":"2021-04-29T07:42:17","slug":"commissario-laurenti","status":"publish","type":"post","link":"https:\/\/www.cineturismofvg.com\/de\/commissario-laurenti\/","title":{"rendered":"Commissario Laurenti"},"content":{"rendered":"\t\t<div data-elementor-type=\"wp-post\" data-elementor-id=\"9147\" class=\"elementor elementor-9147 elementor-7401\" data-elementor-post-type=\"post\">\n\t\t\t\t\t\t<section class=\"elementor-section elementor-top-section elementor-element elementor-element-e78202 elementor-section-boxed elementor-section-height-default elementor-section-height-default sc_fly_static\" data-id=\"e78202\" data-element_type=\"section\">\n\t\t\t\t\t\t<div class=\"elementor-container elementor-column-gap-extended\">\n\t\t\t\t\t<div class=\"elementor-column elementor-col-100 elementor-top-column elementor-element elementor-element-7eb6fdd0 sc_content_align_inherit sc_layouts_column_icons_position_left sc_fly_static\" data-id=\"7eb6fdd0\" data-element_type=\"column\">\n\t\t\t<div class=\"elementor-widget-wrap elementor-element-populated\">\n\t\t\t\t\t\t<div class=\"elementor-element elementor-element-7dc7138 sc_fly_static elementor-widget elementor-widget-text-editor\" data-id=\"7dc7138\" data-element_type=\"widget\" data-widget_type=\"text-editor.default\">\n\t\t\t\t<div class=\"elementor-widget-container\">\n\t\t\t\t\t\t\t\t\t<p>Die Fernsehserie f\u00fcr das deutsche Publikum basiert auf den erfolgreichen Kriminalromanen von Veit Heinichen. Protagonist ist Proteo Laurenti, Polizeikommissar aus Salerno, der nach Triest versetzt wird. Die Stadt mit ihrer Komplexit\u00e4t und kulturellen Vielfalt ist Hauptschauplatz der Geschichte. Drehorte sind die Questura (Polizeipr\u00e4sidium) an der Piazza Unit\u00e0, die Badeanstalt Ausonia aus dem XIX. Jahrhundert, bekannt f\u00fcr die j\u00e4hrlich stattfindenden &#8222;Clanfe-Olympiaden&#8220; (Clanfe = Spr\u00fcnge ins Wasser, durch die \u00e4ltere und j\u00fcngere Frauen in der N\u00e4he der Trampoline m\u00f6glich stark bespritzt werden sollen), und die Stra\u00dfenbahn von Opicina. Gedreht wurde auch am Schloss Duino, in Muggia (ein kleines Perlendorf an der oberen Adria, wo man zwei arch\u00e4ologische St\u00e4tten von gro\u00dfer historischer Bedeutung besichtigen kann), im Rosandra-Tal (zwischen Felsenw\u00e4nden, Schutthalden, Schluchten, Wasserf\u00e4llen und Grotten) und in Cassacco bei Udine in der Villa Gallici Deciani, der nur zum Teil dem Publikum ge\u00f6ffneten Privatresidenz der gleichnamigen Familie, zu der auch Tiberio Deciani geh\u00f6rte, der ber\u00fchmte Jurist aus der Renaissance, dessen strafrechtliche Texte noch heute an den Italienischen Universit\u00e4ten behandelt werden.<\/p>\n\t\t\t\t\t\t\t\t<\/div>\n\t\t\t\t<\/div>\n\t\t\t\t<div class=\"elementor-element elementor-element-c97a844 elementor-widget-divider--view-line sc_fly_static elementor-widget elementor-widget-divider\" data-id=\"c97a844\" data-element_type=\"widget\" data-widget_type=\"divider.default\">\n\t\t\t\t<div class=\"elementor-widget-container\">\n\t\t\t\t\t\t\t<div class=\"elementor-divider\">\n\t\t\t<span class=\"elementor-divider-separator\">\n\t\t\t\t\t\t<\/span>\n\t\t<\/div>\n\t\t\t\t\t\t<\/div>\n\t\t\t\t<\/div>\n\t\t\t\t<div class=\"elementor-element elementor-element-fe32e77 sc_fly_static elementor-widget elementor-widget-trx_sc_button\" data-id=\"fe32e77\" data-element_type=\"widget\" data-widget_type=\"trx_sc_button.default\">\n\t\t\t\t<div class=\"elementor-widget-container\">\n\t\t\t\t\t<div\tclass=\"sc_item_button sc_button_wrap\"><a href=\"https:\/\/www.cineturismofvg.com\/il-commissario-laurenti\/\" class=\"sc_button sc_button_default sc_button_size_normal sc_button_icon_left\"><span class=\"sc_button_text\"><span class=\"sc_button_title\">Commissario Laurenti &gt;&gt;<\/span><\/span><\/a><\/div>\t\t\t\t<\/div>\n\t\t\t\t<\/div>\n\t\t\t\t\t<\/div>\n\t\t<\/div>\n\t\t\t\t\t<\/div>\n\t\t<\/section>\n\t\t\t\t<section class=\"elementor-section elementor-top-section elementor-element elementor-element-bebae57 elementor-section-boxed elementor-section-height-default elementor-section-height-default sc_fly_static\" data-id=\"bebae57\" data-element_type=\"section\">\n\t\t\t\t\t\t<div class=\"elementor-container elementor-column-gap-extended\">\n\t\t\t\t\t<div class=\"elementor-column elementor-col-100 elementor-top-column elementor-element elementor-element-349b00d sc_content_align_inherit sc_layouts_column_icons_position_left sc_fly_static\" data-id=\"349b00d\" data-element_type=\"column\">\n\t\t\t<div class=\"elementor-widget-wrap elementor-element-populated\">\n\t\t\t\t\t\t\t<\/div>\n\t\t<\/div>\n\t\t\t\t\t<\/div>\n\t\t<\/section>\n\t\t\t\t<\/div>\n\t\t","protected":false},"excerpt":{"rendered":"<p>Die Fernsehserie f\u00fcr das deutsche Publikum basiert auf den erfolgreichen Kriminalromanen von Veit Heinichen. Protagonist ist Proteo Laurenti, Polizeikommissar aus Salerno, der nach Triest versetzt wird. Die Stadt mit ihrer Komplexit\u00e4t und kulturellen Vielfalt ist Hauptschauplatz der Geschichte. Drehorte sind&hellip;<\/p>\n","protected":false},"author":3,"featured_media":9148,"comment_status":"closed","ping_status":"open","sticky":false,"template":"","format":"gallery","meta":{"_acf_changed":false,"footnotes":""},"categories":[313,355],"tags":[332,358,356,357,331],"class_list":["post-9147","post","type-post","status-publish","format-gallery","has-post-thumbnail","hentry","category-esterno-giorno-de","category-itinerari-speciali-de","tag-cividale-del-friuli-de","tag-moruzzo-de","tag-palmanova-de","tag-remanzacco-de","tag-udine-de","post_format-post-format-gallery"],"acf":[],"_links":{"self":[{"href":"https:\/\/www.cineturismofvg.com\/de\/wp-json\/wp\/v2\/posts\/9147","targetHints":{"allow":["GET"]}}],"collection":[{"href":"https:\/\/www.cineturismofvg.com\/de\/wp-json\/wp\/v2\/posts"}],"about":[{"href":"https:\/\/www.cineturismofvg.com\/de\/wp-json\/wp\/v2\/types\/post"}],"author":[{"embeddable":true,"href":"https:\/\/www.cineturismofvg.com\/de\/wp-json\/wp\/v2\/users\/3"}],"replies":[{"embeddable":true,"href":"https:\/\/www.cineturismofvg.com\/de\/wp-json\/wp\/v2\/comments?post=9147"}],"version-history":[{"count":13,"href":"https:\/\/www.cineturismofvg.com\/de\/wp-json\/wp\/v2\/posts\/9147\/revisions"}],"predecessor-version":[{"id":10001,"href":"https:\/\/www.cineturismofvg.com\/de\/wp-json\/wp\/v2\/posts\/9147\/revisions\/10001"}],"wp:featuredmedia":[{"embeddable":true,"href":"https:\/\/www.cineturismofvg.com\/de\/wp-json\/wp\/v2\/media\/9148"}],"wp:attachment":[{"href":"https:\/\/www.cineturismofvg.com\/de\/wp-json\/wp\/v2\/media?parent=9147"}],"wp:term":[{"taxonomy":"category","embeddable":true,"href":"https:\/\/www.cineturismofvg.com\/de\/wp-json\/wp\/v2\/categories?post=9147"},{"taxonomy":"post_tag","embeddable":true,"href":"https:\/\/www.cineturismofvg.com\/de\/wp-json\/wp\/v2\/tags?post=9147"}],"curies":[{"name":"wp","href":"https:\/\/api.w.org\/{rel}","templated":true}]}}