{"id":9277,"date":"2021-04-20T14:30:17","date_gmt":"2021-04-20T14:30:17","guid":{"rendered":"https:\/\/www.cineturismofvg.com\/man-nannte-es-den-grossen-krieg\/"},"modified":"2021-04-28T17:26:34","modified_gmt":"2021-04-28T17:26:34","slug":"man-nannte-es-den-grossen-krieg","status":"publish","type":"post","link":"https:\/\/www.cineturismofvg.com\/de\/man-nannte-es-den-grossen-krieg\/","title":{"rendered":"Man nannte es den gro\u00dfen Krieg"},"content":{"rendered":"\t\t<div data-elementor-type=\"wp-post\" data-elementor-id=\"9277\" class=\"elementor elementor-9277 elementor-6880\" data-elementor-post-type=\"post\">\n\t\t\t\t\t\t<section class=\"elementor-section elementor-top-section elementor-element elementor-element-e78202 elementor-section-boxed elementor-section-height-default elementor-section-height-default sc_fly_static\" data-id=\"e78202\" data-element_type=\"section\">\n\t\t\t\t\t\t<div class=\"elementor-container elementor-column-gap-extended\">\n\t\t\t\t\t<div class=\"elementor-column elementor-col-100 elementor-top-column elementor-element elementor-element-7eb6fdd0 sc_content_align_inherit sc_layouts_column_icons_position_left sc_fly_static\" data-id=\"7eb6fdd0\" data-element_type=\"column\">\n\t\t\t<div class=\"elementor-widget-wrap elementor-element-populated\">\n\t\t\t\t\t\t<div class=\"elementor-element elementor-element-7dc7138 sc_fly_static elementor-widget elementor-widget-text-editor\" data-id=\"7dc7138\" data-element_type=\"widget\" data-widget_type=\"text-editor.default\">\n\t\t\t\t<div class=\"elementor-widget-container\">\n\t\t\t\t\t\t\t\t\t<p>Die hyronisch herzzerreissende Filmfreske des Sch\u00fctzengrabenlebens im Ersten Weltkrieg ist als Meisterwerk in die Filmgeschichte eingegangen. Im Mittelpunkt stehen die Soldaten Oreste Jacovacci und Giovanni Busacca, die als feige von jeglicher Phrasendrescherei freie Helden handeln.Der Film l\u00f6ste eine enorme Polemik wegen des Inhalts und der Kritik gegen gegen jeglicher rhetorischen Ausschm\u00fcckung aus. F\u00fcr die Massenszenen genehmigte das Verteidigungsministerium den Einsatz von Tausenden Soldaten der Armee. Alle Drehorte liegen in der Provinz Udine: Der Sant&#8217;Agnese Joch (wo ein Plakat am Kirchlein einige Filmszenen beschreibt), Nespoledo bei Lestizza, Palmanova und Venzone, f\u00fcr sein K\u00fcrbisfest ber\u00fchmt. J\u00e4hrlich wird am vierten Wochenende im Oktober das karnische St\u00e4dtchen Venzone von K\u00fcrbissen und merkw\u00fcrdigen Gestalten erorbert. Der Meister und die Mitglieder der Bruderschaft Sacra Arci Confraternita della Zucca erz\u00e4hlen schwankartige alte Geschichten vom Berggebiet. Der Film erhielt angesehene Preise, 1959 sogar den Goldenen L\u00f6wen an den Internationalen Filmfestspielen Venedig.<\/p>\n\t\t\t\t\t\t\t\t<\/div>\n\t\t\t\t<\/div>\n\t\t\t\t<div class=\"elementor-element elementor-element-c97a844 elementor-widget-divider--view-line sc_fly_static elementor-widget elementor-widget-divider\" data-id=\"c97a844\" data-element_type=\"widget\" data-widget_type=\"divider.default\">\n\t\t\t\t<div class=\"elementor-widget-container\">\n\t\t\t\t\t\t\t<div class=\"elementor-divider\">\n\t\t\t<span class=\"elementor-divider-separator\">\n\t\t\t\t\t\t<\/span>\n\t\t<\/div>\n\t\t\t\t\t\t<\/div>\n\t\t\t\t<\/div>\n\t\t\t\t\t<\/div>\n\t\t<\/div>\n\t\t\t\t\t<\/div>\n\t\t<\/section>\n\t\t\t\t<section class=\"elementor-section elementor-top-section elementor-element elementor-element-bebae57 elementor-section-boxed elementor-section-height-default elementor-section-height-default sc_fly_static\" data-id=\"bebae57\" data-element_type=\"section\">\n\t\t\t\t\t\t<div class=\"elementor-container elementor-column-gap-extended\">\n\t\t\t\t\t<div class=\"elementor-column elementor-col-100 elementor-top-column elementor-element elementor-element-349b00d sc_content_align_inherit sc_layouts_column_icons_position_left sc_fly_static\" data-id=\"349b00d\" data-element_type=\"column\">\n\t\t\t<div class=\"elementor-widget-wrap elementor-element-populated\">\n\t\t\t\t\t\t\t<\/div>\n\t\t<\/div>\n\t\t\t\t\t<\/div>\n\t\t<\/section>\n\t\t\t\t<\/div>\n\t\t","protected":false},"excerpt":{"rendered":"<p>Die hyronisch herzzerreissende Filmfreske des Sch\u00fctzengrabenlebens im Ersten Weltkrieg ist als Meisterwerk in die Filmgeschichte eingegangen. Im Mittelpunkt stehen die Soldaten Oreste Jacovacci und Giovanni Busacca, die als feige von jeglicher Phrasendrescherei freie Helden handeln.Der Film l\u00f6ste eine enorme Polemik&hellip;<\/p>\n","protected":false},"author":1,"featured_media":5395,"comment_status":"closed","ping_status":"open","sticky":false,"template":"","format":"gallery","meta":{"_acf_changed":false,"footnotes":""},"categories":[355],"tags":[332,358,356,357,331],"class_list":["post-9277","post","type-post","status-publish","format-gallery","has-post-thumbnail","hentry","category-itinerari-speciali-de","tag-cividale-del-friuli-de","tag-moruzzo-de","tag-palmanova-de","tag-remanzacco-de","tag-udine-de","post_format-post-format-gallery"],"acf":[],"_links":{"self":[{"href":"https:\/\/www.cineturismofvg.com\/de\/wp-json\/wp\/v2\/posts\/9277","targetHints":{"allow":["GET"]}}],"collection":[{"href":"https:\/\/www.cineturismofvg.com\/de\/wp-json\/wp\/v2\/posts"}],"about":[{"href":"https:\/\/www.cineturismofvg.com\/de\/wp-json\/wp\/v2\/types\/post"}],"author":[{"embeddable":true,"href":"https:\/\/www.cineturismofvg.com\/de\/wp-json\/wp\/v2\/users\/1"}],"replies":[{"embeddable":true,"href":"https:\/\/www.cineturismofvg.com\/de\/wp-json\/wp\/v2\/comments?post=9277"}],"version-history":[{"count":2,"href":"https:\/\/www.cineturismofvg.com\/de\/wp-json\/wp\/v2\/posts\/9277\/revisions"}],"predecessor-version":[{"id":9990,"href":"https:\/\/www.cineturismofvg.com\/de\/wp-json\/wp\/v2\/posts\/9277\/revisions\/9990"}],"wp:featuredmedia":[{"embeddable":true,"href":"https:\/\/www.cineturismofvg.com\/de\/wp-json\/wp\/v2\/media\/5395"}],"wp:attachment":[{"href":"https:\/\/www.cineturismofvg.com\/de\/wp-json\/wp\/v2\/media?parent=9277"}],"wp:term":[{"taxonomy":"category","embeddable":true,"href":"https:\/\/www.cineturismofvg.com\/de\/wp-json\/wp\/v2\/categories?post=9277"},{"taxonomy":"post_tag","embeddable":true,"href":"https:\/\/www.cineturismofvg.com\/de\/wp-json\/wp\/v2\/tags?post=9277"}],"curies":[{"name":"wp","href":"https:\/\/api.w.org\/{rel}","templated":true}]}}