{"id":10937,"date":"2021-12-09T13:47:47","date_gmt":"2021-12-09T13:47:47","guid":{"rendered":"https:\/\/www.cineturismofvg.com\/s-kolesom\/"},"modified":"2021-12-09T13:47:48","modified_gmt":"2021-12-09T13:47:48","slug":"s-kolesom","status":"publish","type":"post","link":"https:\/\/www.cineturismofvg.com\/sl\/s-kolesom\/","title":{"rendered":"S kolesom"},"content":{"rendered":"\t\t<div data-elementor-type=\"wp-post\" data-elementor-id=\"10937\" class=\"elementor elementor-10937 elementor-7438\" data-elementor-post-type=\"post\">\n\t\t\t\t\t\t<section class=\"elementor-section elementor-top-section elementor-element elementor-element-e78202 elementor-section-boxed elementor-section-height-default elementor-section-height-default sc_fly_static\" data-id=\"e78202\" data-element_type=\"section\">\n\t\t\t\t\t\t<div class=\"elementor-container elementor-column-gap-extended\">\n\t\t\t\t\t<div class=\"elementor-column elementor-col-100 elementor-top-column elementor-element elementor-element-7eb6fdd0 sc_content_align_inherit sc_layouts_column_icons_position_left sc_fly_static\" data-id=\"7eb6fdd0\" data-element_type=\"column\">\n\t\t\t<div class=\"elementor-widget-wrap elementor-element-populated\">\n\t\t\t\t\t\t<div class=\"elementor-element elementor-element-7dc7138 sc_fly_static elementor-widget elementor-widget-text-editor\" data-id=\"7dc7138\" data-element_type=\"widget\" data-widget_type=\"text-editor.default\">\n\t\t\t\t<div class=\"elementor-widget-container\">\n\t\t\t\t\t\t\t\t\t<p>Vinogradi, zna\u010dilne vasice, lokalni izdelki \u2013 tam, kjer se okus in narava sre\u010dujeta, se razprostirajo italijanska Brda, <em>Collio<\/em>. Na tem obmo\u010dju v gori\u0161ki pokrajini ob meji s Slovenijo proizvajajo \u017elahtna vina, obiskovalec pa se lahko sprosti in prisluhne ritmu narave. Tudi gori\u0161ki re\u017eiser Matteo Oleotto je ovrednotil to okolje, saj je lokacija prve in druge sezone televizijske serije <em>Hotel sem biti rock zvezda<\/em>: Gorica, Mo\u0161, Krmin, Oslavje, Capriva in \u0161e mnogi drugi kraji.<br \/>\nS kolesom boste lahko to pokrajino \u0161e bolj do\u017eiveli. Podate se lahko na Cesto vina in \u010de\u0161enj, kro\u017eno pot, dolgo skoraj 37 km, ki se za\u010dne v Gorici in vas popelje do filmskih lokacij in \u0161e drugam. Kraj\u0161a mo\u017enost je kolesarska pe\u0161pot <em>Slow Collio<\/em>, dolga samo 9 km, ki povezuje Mo\u0161, o\u010darljivo vasico na vratih Collia, s Caprivo del Friuli. Pot se sicer kon\u010da blizu grada v kraju Spessa, kjer se je v preteklosti mudil tudi veliki osvajalec \u017eensk Giacomo Casanova.<br \/>\nKaj \u010dakate? Tudi vi se boste zaljubili v pokrajine Collia.<\/p>\n\t\t\t\t\t\t\t\t<\/div>\n\t\t\t\t<\/div>\n\t\t\t\t<div class=\"elementor-element elementor-element-c97a844 elementor-widget-divider--view-line sc_fly_static elementor-widget elementor-widget-divider\" data-id=\"c97a844\" data-element_type=\"widget\" data-widget_type=\"divider.default\">\n\t\t\t\t<div class=\"elementor-widget-container\">\n\t\t\t\t\t\t\t<div class=\"elementor-divider\">\n\t\t\t<span class=\"elementor-divider-separator\">\n\t\t\t\t\t\t<\/span>\n\t\t<\/div>\n\t\t\t\t\t\t<\/div>\n\t\t\t\t<\/div>\n\t\t\t\t\t<\/div>\n\t\t<\/div>\n\t\t\t\t\t<\/div>\n\t\t<\/section>\n\t\t\t\t<section class=\"elementor-section elementor-top-section elementor-element elementor-element-bebae57 elementor-section-boxed elementor-section-height-default elementor-section-height-default sc_fly_static\" data-id=\"bebae57\" data-element_type=\"section\">\n\t\t\t\t\t\t<div class=\"elementor-container elementor-column-gap-extended\">\n\t\t\t\t\t<div class=\"elementor-column elementor-col-100 elementor-top-column elementor-element elementor-element-349b00d sc_content_align_inherit sc_layouts_column_icons_position_left sc_fly_static\" data-id=\"349b00d\" data-element_type=\"column\">\n\t\t\t<div class=\"elementor-widget-wrap elementor-element-populated\">\n\t\t\t\t\t\t\t<\/div>\n\t\t<\/div>\n\t\t\t\t\t<\/div>\n\t\t<\/section>\n\t\t\t\t<\/div>\n\t\t","protected":false},"excerpt":{"rendered":"<p>Vinogradi, zna\u010dilne vasice, lokalni izdelki \u2013 tam, kjer se okus in narava sre\u010dujeta, se razprostirajo italijanska Brda, Collio. Na tem obmo\u010dju v gori\u0161ki pokrajini ob meji s Slovenijo proizvajajo \u017elahtna vina, obiskovalec pa se lahko sprosti in prisluhne ritmu narave.&hellip;<\/p>\n","protected":false},"author":3,"featured_media":10938,"comment_status":"closed","ping_status":"open","sticky":false,"template":"","format":"gallery","meta":{"_acf_changed":false,"footnotes":""},"categories":[359],"tags":[368,459,414,468,481],"class_list":["post-10937","post","type-post","status-publish","format-gallery","has-post-thumbnail","hentry","category-itinerari-speciali-sl","tag-capriva-del-friuli-sl","tag-cormons-sl","tag-gorizia-sl","tag-mossa-sl","tag-oslavia-sl","post_format-post-format-gallery"],"acf":[],"_links":{"self":[{"href":"https:\/\/www.cineturismofvg.com\/sl\/wp-json\/wp\/v2\/posts\/10937","targetHints":{"allow":["GET"]}}],"collection":[{"href":"https:\/\/www.cineturismofvg.com\/sl\/wp-json\/wp\/v2\/posts"}],"about":[{"href":"https:\/\/www.cineturismofvg.com\/sl\/wp-json\/wp\/v2\/types\/post"}],"author":[{"embeddable":true,"href":"https:\/\/www.cineturismofvg.com\/sl\/wp-json\/wp\/v2\/users\/3"}],"replies":[{"embeddable":true,"href":"https:\/\/www.cineturismofvg.com\/sl\/wp-json\/wp\/v2\/comments?post=10937"}],"version-history":[{"count":1,"href":"https:\/\/www.cineturismofvg.com\/sl\/wp-json\/wp\/v2\/posts\/10937\/revisions"}],"predecessor-version":[{"id":10939,"href":"https:\/\/www.cineturismofvg.com\/sl\/wp-json\/wp\/v2\/posts\/10937\/revisions\/10939"}],"wp:featuredmedia":[{"embeddable":true,"href":"https:\/\/www.cineturismofvg.com\/sl\/wp-json\/wp\/v2\/media\/10938"}],"wp:attachment":[{"href":"https:\/\/www.cineturismofvg.com\/sl\/wp-json\/wp\/v2\/media?parent=10937"}],"wp:term":[{"taxonomy":"category","embeddable":true,"href":"https:\/\/www.cineturismofvg.com\/sl\/wp-json\/wp\/v2\/categories?post=10937"},{"taxonomy":"post_tag","embeddable":true,"href":"https:\/\/www.cineturismofvg.com\/sl\/wp-json\/wp\/v2\/tags?post=10937"}],"curies":[{"name":"wp","href":"https:\/\/api.w.org\/{rel}","templated":true}]}}